{"id":3373,"date":"2025-02-20T11:41:55","date_gmt":"2025-02-20T11:41:55","guid":{"rendered":"https:\/\/barcinodesigns.com\/non-classifiee\/les-11-oeuvres-dantoni-gaudi\/"},"modified":"2025-04-29T17:54:59","modified_gmt":"2025-04-29T17:54:59","slug":"les-11-oeuvres-dantoni-gaudi","status":"publish","type":"post","link":"https:\/\/barcinodesigns.com\/fr\/barcelone\/les-11-oeuvres-dantoni-gaudi\/","title":{"rendered":"Les 11 \u0153uvres d&rsquo;Antoni Gaud\u00ed"},"content":{"rendered":"<p><b>Rejoignez-nous pour passer en revue les \u0153uvres les plus embl\u00e9matiques d&rsquo;Antoni Gaud\u00ed !<\/b> <span style=\"font-weight: 400;\">C&rsquo;est l&rsquo;une des figures les plus connues de l&rsquo;architecture mondiale et le<\/span> <b>plus grand repr\u00e9sentant du modernisme catalan.<\/b><span style=\"font-weight: 400;\">. Son \u0153uvre est unique et visionnaire et a marqu\u00e9 un avant et un apr\u00e8s dans l\u2019histoire de l\u2019art et de l\u2019architecture. Les \u0153uvres de Gaud\u00ed sont connues dans le monde entier parce qu&rsquo;il a fusionn\u00e9 des formes organiques avec des innovations structurelles et, toujours, inspir\u00e9 par la nature.   <\/span><\/p>\n<p>&nbsp;<\/p>\n<p><b>Chez Barcino Designs, nous souhaitons d\u00e9couvrir les principales \u0153uvres d&rsquo;Antoni Gaud\u00ed,  <\/b><span style=\"font-weight: 400;\">aussi bien ceux qui sont connus que ceux qui le sont moins. Ainsi, vous pourrez vous faire une id\u00e9e du talent de cet artiste et architecte qui fut un v\u00e9ritable r\u00e9volutionnaire \u00e0 son \u00e9poque, et qui l&rsquo;est encore aujourd&rsquo;hui !   <\/span><\/p>\n<p><img decoding=\"async\" class=\"aligncenter wp-image-3306 size-large\" src=\"https:\/\/barcinodesigns.com\/wp-content\/uploads\/2025\/04\/woman-traveling-in-barcelona-2025-03-13-06-56-05-utc-1024x683.webp\" alt=\"\" width=\"1024\" height=\"683\" srcset=\"https:\/\/barcinodesigns.com\/wp-content\/uploads\/2025\/04\/woman-traveling-in-barcelona-2025-03-13-06-56-05-utc-200x133.webp 200w, https:\/\/barcinodesigns.com\/wp-content\/uploads\/2025\/04\/woman-traveling-in-barcelona-2025-03-13-06-56-05-utc-300x200.webp 300w, https:\/\/barcinodesigns.com\/wp-content\/uploads\/2025\/04\/woman-traveling-in-barcelona-2025-03-13-06-56-05-utc-400x267.webp 400w, https:\/\/barcinodesigns.com\/wp-content\/uploads\/2025\/04\/woman-traveling-in-barcelona-2025-03-13-06-56-05-utc-600x400.webp 600w, https:\/\/barcinodesigns.com\/wp-content\/uploads\/2025\/04\/woman-traveling-in-barcelona-2025-03-13-06-56-05-utc-768x513.webp 768w, https:\/\/barcinodesigns.com\/wp-content\/uploads\/2025\/04\/woman-traveling-in-barcelona-2025-03-13-06-56-05-utc-800x534.webp 800w, https:\/\/barcinodesigns.com\/wp-content\/uploads\/2025\/04\/woman-traveling-in-barcelona-2025-03-13-06-56-05-utc-1024x683.webp 1024w, https:\/\/barcinodesigns.com\/wp-content\/uploads\/2025\/04\/woman-traveling-in-barcelona-2025-03-13-06-56-05-utc-1200x801.webp 1200w, https:\/\/barcinodesigns.com\/wp-content\/uploads\/2025\/04\/woman-traveling-in-barcelona-2025-03-13-06-56-05-utc.webp 1380w\" sizes=\"(max-width: 1024px) 100vw, 1024px\" \/><\/p>\n<p>&nbsp;<\/p>\n<h2><span style=\"font-weight: 400;\">Antoni Gaud\u00ed et le modernisme catalan  <\/span><\/h2>\n<p><b>Le modernisme catalan a trouv\u00e9 son plus grand repr\u00e9sentant en Gaud\u00ed.<\/b><span style=\"font-weight: 400;\">  Alors que d&rsquo;autres architectes modernistes suivaient des influences europ\u00e9ennes comme l&rsquo;Art Nouveau, Gaud\u00ed a port\u00e9 le mouvement \u00e0 un autre niveau : il a d\u00e9velopp\u00e9 son propre style bas\u00e9 sur l&rsquo;observation de la nature, l&rsquo;utilisation de mat\u00e9riaux traditionnels combin\u00e9s \u00e0 de nouvelles techniques de construction et une vision artistique qui rompait avec les canons de l&rsquo;\u00e9poque.<\/span><\/p>\n<p>&nbsp;<\/p>\n<p><b>L&rsquo;un des \u00e9l\u00e9ments les plus caract\u00e9ristiques de son travail est le trencad\u00eds ,<\/b><span style=\"font-weight: 400;\">  une technique de mosa\u00efque r\u00e9alis\u00e9e avec des fragments de c\u00e9ramique bris\u00e9s qui donnait couleur, texture et dynamisme \u00e0 ses constructions. Cette technique est devenue une   <\/span><b>symbole du modernisme catalan<\/b> <span style=\"font-weight: 400;\">et l&rsquo;une des caract\u00e9ristiques de son style architectural.<\/span><\/p>\n<p>&nbsp;<\/p>\n<p><b>Le modernisme catalan a atteint son expression maximale avec les cr\u00e9ations de Gaud\u00ed,<\/b> <span style=\"font-weight: 400;\">ce qui en fait une r\u00e9f\u00e9rence universelle.<\/span> <\/p>\n<h2><span style=\"font-weight: 400;\">Antoni Gaud\u00ed : \u0153uvres les plus importantes  <\/span><\/h2>\n<p><span style=\"font-weight: 400;\">Nous commencerons par parler<\/span> <b>des \u0153uvres les plus importantes de Gaud\u00ed, v\u00e9n\u00e9r\u00e9es et reconnues<\/b> <span style=\"font-weight: 400;\">dans le monde entier.<\/span> <\/p>\n<p><img decoding=\"async\" class=\"aligncenter wp-image-3350 size-large\" src=\"https:\/\/barcinodesigns.com\/wp-content\/uploads\/2025\/04\/low-angle-shot-of-the-la-sagrada-familia-basilica-2025-02-05-10-33-41-utc-1-1024x699.jpg\" alt=\"\" width=\"1024\" height=\"699\" srcset=\"https:\/\/barcinodesigns.com\/wp-content\/uploads\/2025\/04\/low-angle-shot-of-the-la-sagrada-familia-basilica-2025-02-05-10-33-41-utc-1-200x136.jpg 200w, https:\/\/barcinodesigns.com\/wp-content\/uploads\/2025\/04\/low-angle-shot-of-the-la-sagrada-familia-basilica-2025-02-05-10-33-41-utc-1-300x205.jpg 300w, https:\/\/barcinodesigns.com\/wp-content\/uploads\/2025\/04\/low-angle-shot-of-the-la-sagrada-familia-basilica-2025-02-05-10-33-41-utc-1-400x273.jpg 400w, https:\/\/barcinodesigns.com\/wp-content\/uploads\/2025\/04\/low-angle-shot-of-the-la-sagrada-familia-basilica-2025-02-05-10-33-41-utc-1-600x409.jpg 600w, https:\/\/barcinodesigns.com\/wp-content\/uploads\/2025\/04\/low-angle-shot-of-the-la-sagrada-familia-basilica-2025-02-05-10-33-41-utc-1-768x524.jpg 768w, https:\/\/barcinodesigns.com\/wp-content\/uploads\/2025\/04\/low-angle-shot-of-the-la-sagrada-familia-basilica-2025-02-05-10-33-41-utc-1-800x546.jpg 800w, https:\/\/barcinodesigns.com\/wp-content\/uploads\/2025\/04\/low-angle-shot-of-the-la-sagrada-familia-basilica-2025-02-05-10-33-41-utc-1-1024x699.jpg 1024w, https:\/\/barcinodesigns.com\/wp-content\/uploads\/2025\/04\/low-angle-shot-of-the-la-sagrada-familia-basilica-2025-02-05-10-33-41-utc-1-1200x819.jpg 1200w, https:\/\/barcinodesigns.com\/wp-content\/uploads\/2025\/04\/low-angle-shot-of-the-la-sagrada-familia-basilica-2025-02-05-10-33-41-utc-1.jpg 1281w\" sizes=\"(max-width: 1024px) 100vw, 1024px\" \/><\/p>\n<h3><span style=\"font-weight: 400;\">La Sainte Famille<\/span><\/h3>\n<p><b>La Sagrada Familia est l&rsquo;\u0153uvre la plus ambitieuse d&rsquo;Antoni Gaud\u00ed et le symbole de Barcelone<\/b><span style=\"font-weight: 400;\">. Commenc\u00e9e en 1882 et toujours en construction, cette basilique poss\u00e8de une structure inspir\u00e9e de la nature.  <\/span><\/p>\n<p>&nbsp;<\/p>\n<p><span style=\"font-weight: 400;\">Chacune de ses fa\u00e7ades et de ses tours est charg\u00e9e de symbolisme religieux, et<\/span> <b>son int\u00e9rieur rappelle une for\u00eat<\/b> <span style=\"font-weight: 400;\">avec des colonnes qui imitent la structure des arbres. Au fil des ann\u00e9es, diff\u00e9rents architectes ont continu\u00e9 son h\u00e9ritage en s&rsquo;appuyant sur les plans et mod\u00e8les originaux de Gaud\u00ed.   <\/span><\/p>\n<p>&nbsp;<\/p>\n<p><img decoding=\"async\" class=\"aligncenter wp-image-3298 size-large\" src=\"https:\/\/barcinodesigns.com\/wp-content\/uploads\/2025\/04\/park-guell-architecture-details-by-antonio-gaudi-2025-01-09-07-51-00-utc-1024x683.webp\" alt=\"\" width=\"1024\" height=\"683\" srcset=\"https:\/\/barcinodesigns.com\/wp-content\/uploads\/2025\/04\/park-guell-architecture-details-by-antonio-gaudi-2025-01-09-07-51-00-utc-200x133.webp 200w, https:\/\/barcinodesigns.com\/wp-content\/uploads\/2025\/04\/park-guell-architecture-details-by-antonio-gaudi-2025-01-09-07-51-00-utc-300x200.webp 300w, https:\/\/barcinodesigns.com\/wp-content\/uploads\/2025\/04\/park-guell-architecture-details-by-antonio-gaudi-2025-01-09-07-51-00-utc-400x267.webp 400w, https:\/\/barcinodesigns.com\/wp-content\/uploads\/2025\/04\/park-guell-architecture-details-by-antonio-gaudi-2025-01-09-07-51-00-utc-600x400.webp 600w, https:\/\/barcinodesigns.com\/wp-content\/uploads\/2025\/04\/park-guell-architecture-details-by-antonio-gaudi-2025-01-09-07-51-00-utc-768x512.webp 768w, https:\/\/barcinodesigns.com\/wp-content\/uploads\/2025\/04\/park-guell-architecture-details-by-antonio-gaudi-2025-01-09-07-51-00-utc-800x533.webp 800w, https:\/\/barcinodesigns.com\/wp-content\/uploads\/2025\/04\/park-guell-architecture-details-by-antonio-gaudi-2025-01-09-07-51-00-utc-1024x683.webp 1024w, https:\/\/barcinodesigns.com\/wp-content\/uploads\/2025\/04\/park-guell-architecture-details-by-antonio-gaudi-2025-01-09-07-51-00-utc-1200x800.webp 1200w, https:\/\/barcinodesigns.com\/wp-content\/uploads\/2025\/04\/park-guell-architecture-details-by-antonio-gaudi-2025-01-09-07-51-00-utc-1536x1024.webp 1536w\" sizes=\"(max-width: 1024px) 100vw, 1024px\" \/><\/p>\n<h3><span style=\"font-weight: 400;\">Parc G\u00fcell<\/span><\/h3>\n<p><span style=\"font-weight: 400;\">Con\u00e7u entre 1900 et 1914,<\/span> <b>le Parc G\u00fcell est l&rsquo;un des espaces les plus repr\u00e9sentatifs du style de Gaud\u00ed<\/b><span style=\"font-weight: 400;\">. Au d\u00e9but, il a \u00e9t\u00e9 construit pour \u00eatre une urbanisation pour la haute soci\u00e9t\u00e9, mais il a fini par devenir un parc public. L&rsquo;utilisation du trencad\u00eds peut \u00eatre observ\u00e9e dans les bancs, les colonnes et les sculptures.   <\/span><\/p>\n<p>&nbsp;<\/p>\n<p><b>L&rsquo;architecture moderniste du parc se fond dans la nature.  <\/b><span style=\"font-weight: 400;\">Le r\u00e9sultat est un espace plein de formes ondul\u00e9es, de structures qui imitent des troncs d&rsquo;arbres et le c\u00e9l\u00e8bre escalier avec la salamandre multicolore : le Dragon du Parc G\u00fcell.  <\/span><\/p>\n<p><img decoding=\"async\" class=\"aligncenter wp-image-3314 size-large\" src=\"https:\/\/barcinodesigns.com\/wp-content\/uploads\/2025\/04\/gaudi-chimney-on-the-roof-of-casa-batllo-barcelo-2025-03-18-15-02-07-utc-682x1024.webp\" alt=\"\" width=\"682\" height=\"1024\" srcset=\"https:\/\/barcinodesigns.com\/wp-content\/uploads\/2025\/04\/gaudi-chimney-on-the-roof-of-casa-batllo-barcelo-2025-03-18-15-02-07-utc-200x300.webp 200w, https:\/\/barcinodesigns.com\/wp-content\/uploads\/2025\/04\/gaudi-chimney-on-the-roof-of-casa-batllo-barcelo-2025-03-18-15-02-07-utc-400x600.webp 400w, https:\/\/barcinodesigns.com\/wp-content\/uploads\/2025\/04\/gaudi-chimney-on-the-roof-of-casa-batllo-barcelo-2025-03-18-15-02-07-utc-600x900.webp 600w, https:\/\/barcinodesigns.com\/wp-content\/uploads\/2025\/04\/gaudi-chimney-on-the-roof-of-casa-batllo-barcelo-2025-03-18-15-02-07-utc-682x1024.webp 682w, https:\/\/barcinodesigns.com\/wp-content\/uploads\/2025\/04\/gaudi-chimney-on-the-roof-of-casa-batllo-barcelo-2025-03-18-15-02-07-utc.webp 763w\" sizes=\"(max-width: 682px) 100vw, 682px\" \/><\/p>\n<h3><span style=\"font-weight: 400;\">Casa Batll\u00f3<\/span><\/h3>\n<p><b>La Casa Batll\u00f3 est l\u2019un des chefs-d\u2019\u0153uvre du modernisme catalan.<\/b> <span style=\"font-weight: 400;\">Son design s&rsquo;inspire de<\/span> <b>la nature et de la l\u00e9gende de Sant Jordi<\/b><span style=\"font-weight: 400;\">, le saint patron de la Catalogne. La fa\u00e7ade rappelle la peau d&rsquo;un dragon et est d\u00e9cor\u00e9e d&rsquo;un trencad\u00eds . <\/span><\/p>\n<p><span style=\"font-weight: 400;\">\u00c0 l&rsquo;int\u00e9rieur, Gaud\u00ed a \u00e9limin\u00e9 les angles droits et a con\u00e7u un espace plein de formes, d&rsquo;ondulations et d&rsquo;espaces qui nous emm\u00e8nent dans un monde magique. Aujourd&rsquo;hui c&rsquo;est un mus\u00e9e ouvert au public. <\/span><\/p>\n<p><img decoding=\"async\" class=\"aligncenter wp-image-3358 size-large\" src=\"https:\/\/barcinodesigns.com\/wp-content\/uploads\/2025\/04\/La_Pedrera__Casa_Mila_50335341691-1-1-678x1024.jpg\" alt=\"\" width=\"678\" height=\"1024\" srcset=\"https:\/\/barcinodesigns.com\/wp-content\/uploads\/2025\/04\/La_Pedrera__Casa_Mila_50335341691-1-1-199x300.jpg 199w, https:\/\/barcinodesigns.com\/wp-content\/uploads\/2025\/04\/La_Pedrera__Casa_Mila_50335341691-1-1-200x302.jpg 200w, https:\/\/barcinodesigns.com\/wp-content\/uploads\/2025\/04\/La_Pedrera__Casa_Mila_50335341691-1-1-400x604.jpg 400w, https:\/\/barcinodesigns.com\/wp-content\/uploads\/2025\/04\/La_Pedrera__Casa_Mila_50335341691-1-1-600x906.jpg 600w, https:\/\/barcinodesigns.com\/wp-content\/uploads\/2025\/04\/La_Pedrera__Casa_Mila_50335341691-1-1-678x1024.jpg 678w, https:\/\/barcinodesigns.com\/wp-content\/uploads\/2025\/04\/La_Pedrera__Casa_Mila_50335341691-1-1-768x1160.jpg 768w, https:\/\/barcinodesigns.com\/wp-content\/uploads\/2025\/04\/La_Pedrera__Casa_Mila_50335341691-1-1-800x1208.jpg 800w, https:\/\/barcinodesigns.com\/wp-content\/uploads\/2025\/04\/La_Pedrera__Casa_Mila_50335341691-1-1.jpg 816w\" sizes=\"(max-width: 678px) 100vw, 678px\" \/><\/p>\n<h3><span style=\"font-weight: 400;\">Casa Mila ou La Pedrera<\/span><\/h3>\n<p><span style=\"font-weight: 400;\">Construite entre 1906 et 1912, la Casa Mil\u00e0, plus connue sous le nom de La Pedrera, est<\/span> <b>un b\u00e2timent r\u00e9volutionnaire par sa structure sans murs porteurs.<\/b> <span style=\"font-weight: 400;\">Son toit est l&rsquo;un de ses \u00e9l\u00e9ments les plus surprenants, avec des chemin\u00e9es sculpturales qui ressemblent \u00e0 des guerriers p\u00e9trifi\u00e9s et des formes surr\u00e9alistes.<\/span> <\/p>\n<p><span style=\"font-weight: 400;\">La fa\u00e7ade ondul\u00e9e et son inspiration de la nature font de cette maison consid\u00e9r\u00e9e comme<\/span> <b>l&rsquo;une des \u0153uvres les plus innovantes de Gaud\u00ed.<\/b> <\/p>\n<p><img decoding=\"async\" class=\"aligncenter wp-image-3362 size-large\" src=\"https:\/\/barcinodesigns.com\/wp-content\/uploads\/2025\/04\/Casa_Vicens_2017_int_002-1-1-741x1024.jpg\" alt=\"\" width=\"741\" height=\"1024\" srcset=\"https:\/\/barcinodesigns.com\/wp-content\/uploads\/2025\/04\/Casa_Vicens_2017_int_002-1-1-200x276.jpg 200w, https:\/\/barcinodesigns.com\/wp-content\/uploads\/2025\/04\/Casa_Vicens_2017_int_002-1-1-217x300.jpg 217w, https:\/\/barcinodesigns.com\/wp-content\/uploads\/2025\/04\/Casa_Vicens_2017_int_002-1-1-400x552.jpg 400w, https:\/\/barcinodesigns.com\/wp-content\/uploads\/2025\/04\/Casa_Vicens_2017_int_002-1-1-600x829.jpg 600w, https:\/\/barcinodesigns.com\/wp-content\/uploads\/2025\/04\/Casa_Vicens_2017_int_002-1-1-741x1024.jpg 741w, https:\/\/barcinodesigns.com\/wp-content\/uploads\/2025\/04\/Casa_Vicens_2017_int_002-1-1-768x1061.jpg 768w, https:\/\/barcinodesigns.com\/wp-content\/uploads\/2025\/04\/Casa_Vicens_2017_int_002-1-1-800x1105.jpg 800w, https:\/\/barcinodesigns.com\/wp-content\/uploads\/2025\/04\/Casa_Vicens_2017_int_002-1-1.jpg 905w\" sizes=\"(max-width: 741px) 100vw, 741px\" \/><\/p>\n<h3><span style=\"font-weight: 400;\">Maison Vicens<\/span><\/h3>\n<p><span style=\"font-weight: 400;\">La Casa Vicens a \u00e9t\u00e9 construite entre 1883 et 1885, c&rsquo;est donc la<\/span> <b>premi\u00e8re maison de Gaud\u00ed.<\/b> <span style=\"font-weight: 400;\">Elle se distingue par son style n\u00e9omud\u00e9jar avec des influences orientales et l&rsquo;utilisation de c\u00e9ramiques d\u00e9coratives sur la fa\u00e7ade.<\/span><\/p>\n<p><span style=\"font-weight: 400;\">Cette \u0153uvre marque le d\u00e9but de son incursion dans le modernisme. Actuellement, la Casa Vicens est un mus\u00e9e qui permet de d\u00e9couvrir les premiers pas de l&rsquo;architecte dans sa carri\u00e8re. <\/span><\/p>\n<p><img decoding=\"async\" class=\"aligncenter wp-image-3366 size-full\" src=\"https:\/\/barcinodesigns.com\/wp-content\/uploads\/2025\/04\/palacio-guell.jpg\" alt=\"\" width=\"1000\" height=\"667\" srcset=\"https:\/\/barcinodesigns.com\/wp-content\/uploads\/2025\/04\/palacio-guell-200x133.jpg 200w, https:\/\/barcinodesigns.com\/wp-content\/uploads\/2025\/04\/palacio-guell-300x200.jpg 300w, https:\/\/barcinodesigns.com\/wp-content\/uploads\/2025\/04\/palacio-guell-400x267.jpg 400w, https:\/\/barcinodesigns.com\/wp-content\/uploads\/2025\/04\/palacio-guell-600x400.jpg 600w, https:\/\/barcinodesigns.com\/wp-content\/uploads\/2025\/04\/palacio-guell-768x512.jpg 768w, https:\/\/barcinodesigns.com\/wp-content\/uploads\/2025\/04\/palacio-guell-800x534.jpg 800w, https:\/\/barcinodesigns.com\/wp-content\/uploads\/2025\/04\/palacio-guell.jpg 1000w\" sizes=\"(max-width: 1000px) 100vw, 1000px\" \/><\/p>\n<h3><span style=\"font-weight: 400;\">Palais G\u00fcell<\/span><\/h3>\n<p><span style=\"font-weight: 400;\">Le Palacio G\u00fcell est l&rsquo;un des b\u00e2timents d&rsquo;Antoni Gaud\u00ed<\/span> <b>construits entre 1886 et 1888 pour Eusebi G\u00fcell.<\/b> <span style=\"font-weight: 400;\">et c&rsquo;est l&rsquo;une des premi\u00e8res collaborations entre l&rsquo;architecte et son m\u00e9c\u00e8ne. Con\u00e7u comme une r\u00e9sidence urbaine de luxe, le Palacio G\u00fcell combine pierre, fer forg\u00e9 et tuiles bris\u00e9es.   <\/span><\/p>\n<p>&nbsp;<\/p>\n<p><span style=\"font-weight: 400;\">Son int\u00e9rieur dispose d&rsquo;une salle centrale avec un d\u00f4me qui permet l&rsquo;entr\u00e9e de la lumi\u00e8re et r\u00e9alise un jeu d&rsquo;\u00e9clairage spectaculaire. Son toit est d\u00e9cor\u00e9 de chemin\u00e9es aux formes et aux couleurs uniques qui rappellent celles que l&rsquo;on voit \u00e0 La Pedrera.   <\/span><\/p>\n<p><img decoding=\"async\" class=\"aligncenter wp-image-3375 size-large\" src=\"https:\/\/barcinodesigns.com\/wp-content\/uploads\/2025\/04\/Cripta_de_la_Colonia_Guell_Santa_Coloma_de_Cervello_-_12-1-1-1024x651.jpg\" alt=\"\" width=\"1024\" height=\"651\" srcset=\"https:\/\/barcinodesigns.com\/wp-content\/uploads\/2025\/04\/Cripta_de_la_Colonia_Guell_Santa_Coloma_de_Cervello_-_12-1-1-200x127.jpg 200w, https:\/\/barcinodesigns.com\/wp-content\/uploads\/2025\/04\/Cripta_de_la_Colonia_Guell_Santa_Coloma_de_Cervello_-_12-1-1-300x191.jpg 300w, https:\/\/barcinodesigns.com\/wp-content\/uploads\/2025\/04\/Cripta_de_la_Colonia_Guell_Santa_Coloma_de_Cervello_-_12-1-1-320x202.jpg 320w, https:\/\/barcinodesigns.com\/wp-content\/uploads\/2025\/04\/Cripta_de_la_Colonia_Guell_Santa_Coloma_de_Cervello_-_12-1-1-400x254.jpg 400w, https:\/\/barcinodesigns.com\/wp-content\/uploads\/2025\/04\/Cripta_de_la_Colonia_Guell_Santa_Coloma_de_Cervello_-_12-1-1-600x382.jpg 600w, https:\/\/barcinodesigns.com\/wp-content\/uploads\/2025\/04\/Cripta_de_la_Colonia_Guell_Santa_Coloma_de_Cervello_-_12-1-1-768x488.jpg 768w, https:\/\/barcinodesigns.com\/wp-content\/uploads\/2025\/04\/Cripta_de_la_Colonia_Guell_Santa_Coloma_de_Cervello_-_12-1-1-800x509.jpg 800w, https:\/\/barcinodesigns.com\/wp-content\/uploads\/2025\/04\/Cripta_de_la_Colonia_Guell_Santa_Coloma_de_Cervello_-_12-1-1-1024x651.jpg 1024w, https:\/\/barcinodesigns.com\/wp-content\/uploads\/2025\/04\/Cripta_de_la_Colonia_Guell_Santa_Coloma_de_Cervello_-_12-1-1-1200x763.jpg 1200w, https:\/\/barcinodesigns.com\/wp-content\/uploads\/2025\/04\/Cripta_de_la_Colonia_Guell_Santa_Coloma_de_Cervello_-_12-1-1.jpg 1459w\" sizes=\"(max-width: 1024px) 100vw, 1024px\" \/><\/p>\n<h3><span style=\"font-weight: 400;\">Colonia G\u00fcell et sa crypte<\/span><\/h3>\n<p><b>La Colonia G\u00fcell \u00e9tait l&rsquo;une des constructions les plus ambitieuses de Gaud\u00ed<\/b><span style=\"font-weight: 400;\">, car il souhaitait cr\u00e9er une communaut\u00e9 industrielle autosuffisante \u00e0 la p\u00e9riph\u00e9rie de Barcelone. Au sein de ce complexe, la crypte de l&rsquo;\u00e9glise est l&rsquo;un des exemples les plus clairs de son architecture.   <\/span><\/p>\n<p>&nbsp;<\/p>\n<p><span style=\"font-weight: 400;\">Gaud\u00ed a anticip\u00e9 de nombreuses techniques qu&rsquo;il appliquerait plus tard \u00e0 la Sagrada Familia. Bien que l&rsquo;\u00c9glise n&rsquo;ait jamais compl\u00e8tement disparu,   <\/span><b>la crypte est consid\u00e9r\u00e9e comme un chef-d&rsquo;\u0153uvre du modernisme et un laboratoire d&rsquo;essais.  <\/b><\/p>\n<h2><span style=\"font-weight: 400;\">Les \u0153uvres moins connues de Gaud\u00ed<\/span><\/h2>\n<p><span style=\"font-weight: 400;\">Bien qu&rsquo;Antoni Gaud\u00ed soit reconnu pour ses \u0153uvres les plus embl\u00e9matiques \u00e0 Barcelone, l&rsquo;architecte a \u00e9galement particip\u00e9 \u00e0 des projets moins connus.<\/span> <b>Ces \u0153uvres architecturales de Gaud\u00ed se trouvent en dehors de Barcelone<\/b> <span style=\"font-weight: 400;\">et montrent diff\u00e9rentes facettes de son \u00e9volution artistique.<\/span> <\/p>\n<p>&nbsp;<\/p>\n<ul>\n<li style=\"font-weight: 400;\" aria-level=\"1\"><b>El Capricho (Comillas, Cantabrie)<\/b><span style=\"font-weight: 400;\">. C&rsquo;est l&rsquo;une des principales \u0153uvres d&rsquo;Antoni Gaud\u00ed en dehors de la Catalogne. Son design se caract\u00e9rise par une structure allong\u00e9e et une tour d&rsquo;inspiration orientale recouverte de c\u00e9ramique dans des tons verts et jaunes. <\/span><\/li>\n<li style=\"font-weight: 400;\" aria-level=\"1\"><b>La Maison Botines (Le\u00f3n).<\/b><span style=\"font-weight: 400;\">  Con\u00e7ue en 1891, la Casa Botines est l&rsquo;une des rares \u0153uvres de Gaud\u00ed en Castille-et-Le\u00f3n. Sa fa\u00e7ade rappelle celle d&rsquo;un ch\u00e2teau m\u00e9di\u00e9val, avec des tours pointues et une grande fen\u00eatre centrale. Actuellement, la Casa Botines est un mus\u00e9e d\u00e9di\u00e9 \u00e0 l&rsquo;\u0153uvre de Gaud\u00ed.    <\/span><\/li>\n<li style=\"font-weight: 400;\" aria-level=\"1\"><b>Le Palais \u00c9piscopal d&rsquo;Astorga (Le\u00f3n).  <\/b><span style=\"font-weight: 400;\">Une autre des commandes que Gaud\u00ed re\u00e7ut en dehors de la Catalogne fut la conception du palais \u00e9piscopal d&rsquo;Astorga en 1889. Bien que Gaud\u00ed ait abandonn\u00e9 le projet avant son ach\u00e8vement en raison de d\u00e9saccords avec l&rsquo;\u00e9v\u00each\u00e9, son empreinte se refl\u00e9tait dans la structure et la conception originales. <\/span><\/li>\n<li style=\"font-weight: 400;\" aria-level=\"1\"><b>Les jardins d&rsquo;Artigas (La Pobla de Lillet, Barcelone).<\/b><span style=\"font-weight: 400;\">  Ces jardins sont un exemple du concept d&rsquo;architecture int\u00e9gr\u00e9e \u00e0 la nature que Gaud\u00ed a d\u00e9velopp\u00e9 dans le parc G\u00fcell. Il s&rsquo;agissait d&rsquo;un cadeau de Gaud\u00ed \u00e0 la famille Artigas en guise de remerciement pour son hospitalit\u00e9. On y trouve des all\u00e9es en pierre, des bancs ondulants et des fontaines d\u00e9cor\u00e9es avec la technique de mosa\u00efque trencad\u00eds de Gaud\u00ed.    <\/span><\/li>\n<\/ul>\n<p>&nbsp;<\/p>\n<h2><span style=\"font-weight: 400;\">D\u00e9couvrez les sculptures de Gaud\u00ed<\/span><\/h2>\n<p><span style=\"font-weight: 400;\">Dans les \u0153uvres d\u2019Antoni Gaud\u00ed, nous pouvons trouver des \u00e9l\u00e9ments sculpturaux qui d\u00e9corent et renforcent la narration de ses projets.<\/span><\/p>\n<p>&nbsp;<\/p>\n<p><b>Un exemple clair des sculptures de Gaud\u00ed peut \u00eatre vu dans la Sagrada Familia,<\/b> <span style=\"font-weight: 400;\">o\u00f9 les fa\u00e7ades sont orn\u00e9es de sc\u00e8nes bibliques sculpt\u00e9es dans la pierre :<\/span><\/p>\n<ul>\n<li style=\"font-weight: 400;\" aria-level=\"1\"><b>La Fachada del Nacimiento,<\/b> <span style=\"font-weight: 400;\">r\u00e9alis\u00e9e du vivant de Gaud\u00ed, est pleine de figures d\u00e9taill\u00e9es repr\u00e9sentant la nature et la naissance du Christ.<\/span> <\/li>\n<li style=\"font-weight: 400;\" aria-level=\"1\"><b>La fa\u00e7ade de la Passion<\/b> <span style=\"font-weight: 400;\">, con\u00e7ue d&rsquo;apr\u00e8s ses croquis et achev\u00e9e ult\u00e9rieurement, pr\u00e9sente des formes plus expressives qui transmettent le drame de la crucifixion.<\/span><\/li>\n<\/ul>\n<p><img decoding=\"async\" class=\"aligncenter wp-image-3302 size-large\" src=\"https:\/\/barcinodesigns.com\/wp-content\/uploads\/2025\/04\/park-guell-barcelona-2024-10-19-13-35-39-utc-1024x683.webp\" alt=\"\" width=\"1024\" height=\"683\" srcset=\"https:\/\/barcinodesigns.com\/wp-content\/uploads\/2025\/04\/park-guell-barcelona-2024-10-19-13-35-39-utc-200x133.webp 200w, https:\/\/barcinodesigns.com\/wp-content\/uploads\/2025\/04\/park-guell-barcelona-2024-10-19-13-35-39-utc-300x200.webp 300w, https:\/\/barcinodesigns.com\/wp-content\/uploads\/2025\/04\/park-guell-barcelona-2024-10-19-13-35-39-utc-400x267.webp 400w, https:\/\/barcinodesigns.com\/wp-content\/uploads\/2025\/04\/park-guell-barcelona-2024-10-19-13-35-39-utc-600x400.webp 600w, https:\/\/barcinodesigns.com\/wp-content\/uploads\/2025\/04\/park-guell-barcelona-2024-10-19-13-35-39-utc-768x512.webp 768w, https:\/\/barcinodesigns.com\/wp-content\/uploads\/2025\/04\/park-guell-barcelona-2024-10-19-13-35-39-utc-800x533.webp 800w, https:\/\/barcinodesigns.com\/wp-content\/uploads\/2025\/04\/park-guell-barcelona-2024-10-19-13-35-39-utc-1024x683.webp 1024w, https:\/\/barcinodesigns.com\/wp-content\/uploads\/2025\/04\/park-guell-barcelona-2024-10-19-13-35-39-utc-1200x800.webp 1200w, https:\/\/barcinodesigns.com\/wp-content\/uploads\/2025\/04\/park-guell-barcelona-2024-10-19-13-35-39-utc.webp 1296w\" sizes=\"(max-width: 1024px) 100vw, 1024px\" \/><\/p>\n<h2><span style=\"font-weight: 400;\">trencad\u00eds de Gaud\u00ed<\/span><\/h2>\n<p><b>L&rsquo;un des traits les plus caract\u00e9ristiques du style de Gaud\u00ed est l&rsquo;utilisation du trencad\u00eds .  <\/b><span style=\"font-weight: 400;\">Il s&rsquo;agit d&rsquo;une technique de mosa\u00efque cr\u00e9\u00e9e \u00e0 partir de fragments de c\u00e9ramique bris\u00e9s qui sont coll\u00e9s ensemble pour former des motifs et des textures surprenants.  <\/span><\/p>\n<p>&nbsp;<\/p>\n<ul>\n<li style=\"font-weight: 400;\" aria-level=\"1\"><b>Le parc G\u00fcell est un exemple clair de l&rsquo;utilisation du trencad\u00eds , notamment dans le c\u00e9l\u00e8bre dragon<\/b> <span style=\"font-weight: 400;\">qui d\u00e9core l&rsquo;escalier principal et dans les bancs ondulants de la place centrale.<\/span> <\/li>\n<li style=\"font-weight: 400;\" aria-level=\"1\"><b>\u00c0 la Casa Batll\u00f3,<\/b> <span style=\"font-weight: 400;\">la fa\u00e7ade est recouverte de trencad\u00eds qui simulent des \u00e9cailles de dragon.<\/span> <\/li>\n<li style=\"font-weight: 400;\" aria-level=\"1\"><b>Dans la Sagrada Familia,<\/b> <span style=\"font-weight: 400;\">Gaud\u00ed a \u00e9galement utilis\u00e9 cette technique pour apporter de la couleur et du dynamisme \u00e0 ses tours.<\/span><\/li>\n<\/ul>\n<p>&nbsp;<\/p>\n<p><b>Avec la technique trencad\u00eds , Gaud\u00ed a profit\u00e9 des restes de c\u00e9ramiques et de carreaux d&rsquo;usine et leur a donn\u00e9 une nouvelle vie dans son architecture.  <\/b><span style=\"font-weight: 400;\">Cette technique reste aujourd\u2019hui encore l\u2019une des principales caract\u00e9ristiques du modernisme catalan.<\/span><\/p>\n<h2><span style=\"font-weight: 400;\">Gaud\u00ed et la peinture<\/span><\/h2>\n<p><b>Bien que Gaud\u00ed soit avant tout un architecte, sa relation avec la peinture a \u00e9t\u00e9 fondamentale dans son processus cr\u00e9atif.<\/b><span style=\"font-weight: 400;\">  Il n\u2019\u00e9tait pas un peintre au sens traditionnel du terme, mais il \u00e9tait un grand observateur de la couleur, de la lumi\u00e8re et de la composition.  <\/span><\/p>\n<p>&nbsp;<\/p>\n<p><b>L\u2019influence de la peinture sur Gaud\u00ed est \u00e9vidente dans la fa\u00e7on dont il a utilis\u00e9 la couleur dans ses \u0153uvres.  <\/b><span style=\"font-weight: 400;\">\u00c0 travers les trencad\u00eds et les vitraux polychromes de la Sagrada Familia, il obtient des effets de lumi\u00e8re et de couleur similaires \u00e0 ceux d&rsquo;un tableau impressionniste.<\/span><\/p>\n<p>&nbsp;<\/p>\n<p><b>Pour Gaud\u00ed, l&rsquo;architecture devait exciter<\/b> <span style=\"font-weight: 400;\">, et c&rsquo;est pourquoi il a utilis\u00e9 les principes de la peinture pour cr\u00e9er des espaces pleins de nuances et de contrastes.<\/span> <\/p>\n<h2><span style=\"font-weight: 400;\">L&rsquo;importance de Gaud\u00ed dans le monde de l&rsquo;art et de l&rsquo;architecture<\/span><\/h2>\n<p><span style=\"font-weight: 400;\">L&rsquo;importance de Gaud\u00ed dans le monde de l&rsquo;art est due \u00e0 son approche innovante, \u00e0 sa capacit\u00e9 \u00e0 int\u00e9grer diff\u00e9rentes disciplines artistiques et \u00e0 sa vision unique de l&rsquo;architecture. C&rsquo;est actuellement une r\u00e9f\u00e9rence mondiale.   <\/span><\/p>\n<p>&nbsp;<\/p>\n<p><span style=\"font-weight: 400;\">L\u2019une des reconnaissances majeures de son travail a \u00e9t\u00e9 la d\u00e9claration de<\/span> <b>7 de ses cr\u00e9ations au patrimoine mondial de l\u2019UNESCO.<\/b><span style=\"font-weight: 400;\">, en 1984 et 2005. Il s&rsquo;agit notamment du Parc G\u00fcell, du Palacio G\u00fcell, de la Casa Mil\u00e0, de la Casa Vicens, de la Sagrada Familia (crypte et fa\u00e7ade de la nativit\u00e9), de la Casa Batll\u00f3 et de la crypte de Colonia G\u00fcell.   <\/span><\/p>\n<p><span style=\"font-weight: 400;\">Son influence est aujourd\u2019hui visible chez des architectes tels que Frank Gehry, Santiago Calatrava et Zaha Hadid qui ont cit\u00e9 Gaud\u00ed comme l\u2019une de leurs principales inspirations.  <\/span><\/p>\n<p>&nbsp;<\/p>\n<p><span style=\"font-weight: 400;\">Au-del\u00e0 de l\u2019architecture, l\u2019impact de Gaud\u00ed se fait \u00e9galement sentir dans l\u2019art, le design et la culture populaire.<\/span> <b>Chez Barcino Designs, par exemple, nous nous sommes inspir\u00e9s de Gaud\u00ed et des trencad\u00eds<\/b> <span style=\"font-weight: 400;\">pour cr\u00e9er nos figures d\u00e9coratives et ainsi rendre hommage \u00e0 ce g\u00e9nie catalan.<\/span> <\/p>\n","protected":false},"excerpt":{"rendered":"<p>Rejoignez-nous pour passer en revue les \u0153uvres les plus embl\u00e9matiques  [&#8230;]<\/p>\n","protected":false},"author":7,"featured_media":3308,"comment_status":"closed","ping_status":"open","sticky":false,"template":"","format":"standard","meta":{"footnotes":""},"categories":[36],"tags":[],"class_list":["post-3373","post","type-post","status-publish","format-standard","has-post-thumbnail","hentry","category-barcelone"],"_links":{"self":[{"href":"https:\/\/barcinodesigns.com\/fr\/wp-json\/wp\/v2\/posts\/3373","targetHints":{"allow":["GET"]}}],"collection":[{"href":"https:\/\/barcinodesigns.com\/fr\/wp-json\/wp\/v2\/posts"}],"about":[{"href":"https:\/\/barcinodesigns.com\/fr\/wp-json\/wp\/v2\/types\/post"}],"author":[{"embeddable":true,"href":"https:\/\/barcinodesigns.com\/fr\/wp-json\/wp\/v2\/users\/7"}],"replies":[{"embeddable":true,"href":"https:\/\/barcinodesigns.com\/fr\/wp-json\/wp\/v2\/comments?post=3373"}],"version-history":[{"count":2,"href":"https:\/\/barcinodesigns.com\/fr\/wp-json\/wp\/v2\/posts\/3373\/revisions"}],"predecessor-version":[{"id":4157,"href":"https:\/\/barcinodesigns.com\/fr\/wp-json\/wp\/v2\/posts\/3373\/revisions\/4157"}],"wp:featuredmedia":[{"embeddable":true,"href":"https:\/\/barcinodesigns.com\/fr\/wp-json\/wp\/v2\/media\/3308"}],"wp:attachment":[{"href":"https:\/\/barcinodesigns.com\/fr\/wp-json\/wp\/v2\/media?parent=3373"}],"wp:term":[{"taxonomy":"category","embeddable":true,"href":"https:\/\/barcinodesigns.com\/fr\/wp-json\/wp\/v2\/categories?post=3373"},{"taxonomy":"post_tag","embeddable":true,"href":"https:\/\/barcinodesigns.com\/fr\/wp-json\/wp\/v2\/tags?post=3373"}],"curies":[{"name":"wp","href":"https:\/\/api.w.org\/{rel}","templated":true}]}}